{"id":1,"date":"2018-03-08T18:36:14","date_gmt":"2018-03-08T21:36:14","guid":{"rendered":"http:\/\/wordpressexpress.com.br\/estacaovagalume\/?p=1"},"modified":"2018-07-29T01:29:13","modified_gmt":"2018-07-29T04:29:13","slug":"meu-estudo-na-escuta-dos-sentimentos","status":"publish","type":"post","link":"http:\/\/wordpressexpress.com.br\/estacaovagalume\/2018\/03\/08\/meu-estudo-na-escuta-dos-sentimentos\/","title":{"rendered":"Meu estudo na escuta dos sentimentos"},"content":{"rendered":"<p>Ol\u00e1, amigos,<\/p>\n<p>Queria compartilhar com voc\u00eas, meu estudo\u00a0na &#8220;escuta dos sentimentos&#8221; e observar\u00a0os ind\u00edcios de cura que cada emo\u00e7\u00e3o traz latente em si para a evolu\u00e7\u00e3o espiritual. Como estou aprendendo a remover meu\u00a0entulho emocional, \u00a0vou compartilhar alguns resumos de livros, nos quais\u00a0o conhecimento do outro\u00a0 provocou\u00a0reflex\u00f5es e descobertas em mim. Pois, enquanto escrevo fa\u00e7o minha autoan\u00e1lise e compartilho minha experi\u00eancia com voc\u00ea. Talvez assim encontremos juntos, um caminho mais leve, simples e feliz para todos. Por isso, vamos fazer uma troca:\u00a0&#8211; Envie seu coment\u00e1rio para que eu possa ampliar minha vis\u00e3o com voc\u00ea.<\/p>\n<p>Adicionei na\u00a0aba de \u201cBiblioteca\u201d, uma lista de livros para ajudar voc\u00ea a buscar informa\u00e7\u00f5es. Ela mostra que, atualmente, o conhecimento tornou-se t\u00e3o acess\u00edvel que s\u00f3 n\u00e3o busca orienta\u00e7\u00e3o, quem n\u00e3o quer. Por\u00a0outro lado, voc\u00ea pode se tornar uma enciclop\u00e9dia ambulante, repleto de informa\u00e7\u00f5es e conhecimentos vindos de fora de voc\u00ea. Repetindo feito papagaio o que ouviu ou leu, mas sem ter vivenciado no seu \u00edntimo e sem ter sentido a experi\u00eancia, voc\u00ea n\u00e3o ter\u00e1 progredido.<\/p>\n<p>De nada adianta tentar explicar o que \u00e9 quente, se n\u00e3o conhecermos o frio ou experimentarmos o calor. O mesmo ocorre com os sabores. Voc\u00ea consegue explicar o sabor de um pepino? Como \u00e9 a casca de um p\u00eassego? Explique o tom do c\u00e9u no por do sol que voc\u00ea viu na praia. Ent\u00e3o, na busca de sabedoria, o mais importante \u00e9 estudar a si mesmo e suas rea\u00e7\u00f5es diante as experi\u00eancias que a vida apresenta! Como penso, sinto e ajo ou reajo em cada situa\u00e7\u00e3o.<\/p>\n<p>&#8211; Ahhh! &#8230; Se \u00e9 t\u00e3o simples por que existem os livros e tanta gente falando sobre espiritualidade?<\/p>\n<p>&#8211; Um momento! N\u00e3o \u00e9 t\u00e3o simples assim. Quem disse que \u00e9 f\u00e1cil? Precisamos do conhecimento que vem de fora, de quem j\u00e1 percorreu um caminho, para encontrarmos o nosso. Como precisamos das placas de tr\u00e2nsito para achar o nosso trajeto.<\/p>\n<p>&#8211; Neste caso basta algu\u00e9m nos dizer para onde ir e pronto?<\/p>\n<p>&#8211; N\u00e3\u00e3\u00e3\u00e3oooo, quem tem que escolher para onde quer ir somos n\u00f3s. Pra isso, temos que escolher.<\/p>\n<p>&#8211; Huumm, eu escolho, mas n\u00e3o encontro o caminho&#8230;<\/p>\n<p>&#8211; Para escolher temos que nos conhecer. Ter a coragem de mergulhar fundo dentro de n\u00f3s. Primeiro para saber se \u00e9 isso mesmo que queremos, pois nosso ego nos prega muitas pe\u00e7as e segundo&#8230;<\/p>\n<p>&#8211; Como assim?<\/p>\n<p>&#8211; Vamos dizer que fa\u00e7o uma escolha que julgo ser acertada. Empenho-me e fa\u00e7o o meu melhor poss\u00edvel. Pode ser no trabalho, em ajudar uma institui\u00e7\u00e3o, me afiliar a um grupo de espiritualidade, fazer um favor ao colega do trabalho que vive me boicotando. Ou deposito todas as minhas esperan\u00e7as de felicidade no casamento ou no carro novo. E fazemos isso por anos a fio julgando ser o melhor caminho. Um belo dia, percebemos que estamos infelizes, que n\u00e3o era bem isso que precis\u00e1vamos para mudar nosso estado de \u00e2nimo e ser feliz.<\/p>\n<p>&#8211; \u00c9 isso mesmo que acontece comigo&#8230;<\/p>\n<p>&#8211; N\u00e3o \u00e9 s\u00f3 com voc\u00ea. \u00c9 com todo mundo.<\/p>\n<p>&#8211; Mas, por que erramos?<\/p>\n<p>N\u00e3o \u00e9 erro \u00e9 experi\u00eancia! \u00c9 tentativa de acerto. Vamos ter tentativas com resultados mais felizes e outras nem tanto&#8230; \u00c9 o caminho da aprendizagem. SOOORRIIAAA !!!\u00a0 VOC\u00ca EST\u00c1 TENDO A CHANCE DE APRENDER!!! NESTA VIDA ABEN\u00c7OADA, NESTE PLANETA MARAVILHOSO&#8230; N\u00e3o se culpe!&#8230; vamos ter que tentar sempre. N\u00e3o seja ansioso ou medroso nas \u00a0novas experi\u00eancias. Reaja! Coragem! Arrisque novamente, pois merecemos ser feliz. Deixe o passado passar como mais um ano da escola; em algumas mat\u00e9rias tiramos nota dez e em outras zeramos&#8230; e repetimos a li\u00e7\u00e3o com a finalidade de aprender.<\/p>\n<p>&#8211; Cada pessoa tem seus motivos particulares para n\u00e3o compreender e executar a li\u00e7\u00e3o do modo mais satisfat\u00f3rio. N\u00e3o existe um motivo igual pra todos. Ou por vaidade, ou por car\u00eancias diversas, ou at\u00e9 teimosia, continuamos a nos for\u00e7ar e fazer o que no fundo n\u00e3o queremos e quando trombamos com n\u00f3s mesmos, gritando:- \u201ceu n\u00e3o aguento mais isso\u201d, d\u00f3i muito ter que assumir que a escolha sempre foi S\u00d3 nossa.<\/p>\n<p>&#8211; E o que os outros v\u00e3o dizer se mudarmos radicalmente? N\u00e3o seremos aceitos? Temos obriga\u00e7\u00f5es&#8230; Se eu n\u00e3o me for\u00e7ar a levantar cedo, mesmo quando estou com sono, serei demitido(a) do trabalho. \u00a0Ent\u00e3o, n\u00e3o me for\u00e7o a nada e vou morar na praia. F\u00e9rias permanentes. Vou vender picol\u00e9s e jogo tudo pro alto&#8230;<\/p>\n<p>&#8211; \u00c0s vezes, basta mudar nossas rea\u00e7\u00f5es aos apelos do mundo, do trabalho ou nos relacionamentos. Cessar as auto cobran\u00e7as e parar a busca de um perfeccionismo apressado ou tentar atingir metas inating\u00edveis. Ai, as coisas ficam mais leves e bem mais simples. Mas, tamb\u00e9m pode existir a hip\u00f3tese de voc\u00ea abrir uma cadeia de sorveterias na praia e ser feliz. Por que n\u00e3o? O importante \u00e9 sentir-se auto motivado a buscar SUA\u00a0alegria. O que te motiva e te expande? Isso \u00e9 gratid\u00e3o; agir con-tente (com- contentamento) e expont\u00e2neamente!<\/p>\n<p>-&#8230;Sei n\u00e3o &#8230; e o que voc\u00ea ia falar em segundo?<\/p>\n<p>&#8211; Em segundo, temos que nos conhecer para n\u00e3o nos distrair com os excessos de est\u00edmulos e afazeres que o mundo oferece. Fazemos tantas coisas, cultivamos tantas rosas no nosso jardim, sem criar ra\u00edz em nenhuma. Tudo fica na superficialidade e no imediatismo que logo morre e desmotiva. Sobra o vazio e o cansa\u00e7o de tanto desgaste pra nada. Pergunte-se: &#8211; \u201cVoc\u00ea deseja (quer) ou necessita?\u201d \u2013 Est\u00e1 \u00e9 uma boa pregunta para orientar suas escolhas.<\/p>\n<p>&#8211; Ent\u00e3o, estudar coisas de outros n\u00e3o adianta nada?<\/p>\n<p>&#8211; Ajuda sim, pois quando nos deparamos com situa\u00e7\u00f5es parecidas com as j\u00e1 estudadas, temos maiores op\u00e7\u00f5es de escolhas, mas s\u00f3 estudar n\u00e3o resolve. A escolha ter\u00e1 que ser S\u00d3 nossa. E se n\u00e3o aprendermos a nos sentir, a dar o que \u00e9 bom pra n\u00f3s, n\u00e3o ser\u00e1 o guru de livro ou religi\u00e3o alguma que dar\u00e1 a receita certa.<\/p>\n<p><strong>\u00a0 \u00a0 \u00a0 \u00a0 \u00a0 <em>\u201c<\/em><\/strong><em>Quem olha para fora sonha, quem olha para dentro desperta.<\/em><strong>\u201d<\/strong><\/p>\n<p><em><strong>\u00a0 \u00a0 \u00a0 \u00a0 \u00a0 \u00a0 \u00a0 \u00a0 \u00a0 \u00a0 \u00a0 \u00a0 \u00a0 \u00a0 \u00a0 \u00a0 \u00a0 \u00a0 \u00a0 \u00a0 \u00a0 \u00a0 \u00a0 \u00a0 \u00a0 \u00a0 \u00a0 \u00a0 \u00a0 \u00a0 \u00a0 \u00a0 \u00a0 \u00a0 \u00a0 \u00a0 \u00a0 \u00a0 \u00a0 \u00a0 \u00a0 \u00a0 Carl G. Jung<\/strong><\/em><\/p>\n<p>Para simplificar o objetivo desta nossa conversa, vou citar um trecho do amparador Miramez, que dirige uma equipe de pesquisadores em Viagem Astral, na espiritualidade. O trecho est\u00e1 na introdu\u00e7\u00e3o do livro de MAIA, Jo\u00e3o Nunes &#8211; <strong>Inicia\u00e7\u00e3o: Viagem Astral<\/strong>, da Ed. Esp\u00edrita Fonte Viva-MG,dispon\u00edvel para download gratuito em:<\/p>\n<p><a href=\"http:\/\/bvespirita.com\/Iniciacao%20-%20Viagem%20Astral%20%28psicografia%20Joao%20Nunes%20Maia%20-%20espirito%20Lancellin%29.pdf\">http:\/\/bvespirita.com\/Iniciacao%20-%20Viagem%20Astral%20%28psicografia%20Joao%20Nunes%20Maia%20-%20espirito%20Lancellin%29.pdf<\/a><\/p>\n<p><em>&#8230;\u201dExistem escolas filos\u00f3ficas que d\u00e3o as diretrizes para que seus seguidores atinjam a liberta\u00e7\u00e3o, esquecendo-se, entretanto, da dosagem dos ensinamentos, o que leva seus disc\u00edpulos ao fanatismo e ao proselitismo. Onde fica o equil\u00edbrio indispens\u00e1vel \u00e0 solidez do trabalho? E a sensatez que direciona esse trabalho no sentido da evolu\u00e7\u00e3o? Toda pr\u00e1tica espiritual, todo desenvolvimento ps\u00edquico, busca por sintonia o sil\u00eancio\u201d&#8230;<\/em><\/p>\n<p><em>\u00a0\u00a0\u00a0\u00a0\u00a0\u00a0\u00a0\u00a0\u00a0\u00a0\u00a0\u00a0\u00a0\u00a0\u00a0\u00a0\u00a0\u00a0\u00a0\u00a0\u00a0\u00a0\u00a0\u00a0\u00a0\u00a0\u00a0\u00a0\u00a0\u00a0 <\/em>-Pedindo licen\u00e7a, completaria a express\u00e3o \u201c<em>solidez do trabalho<\/em>\u201d com \u201c<em>solidez no trabalho INTERIOR<\/em>\u201d do autoconhecimento, da busca e transforma\u00e7\u00e3o de si mesmo, na <em>\u201csintonia do silencio\u201d.<\/em><\/p>\n<p>&#8211; E como \u00e9 esse trabalho Interior? Tenho que me isolar e ficar em silencio?<\/p>\n<p>&#8211; Sei l\u00e1! Ainda estou realizando o meu. Como quer que minha receita de certo pra voc\u00ea? S\u00f3 posso dizer que toda vez que segui um roteiro vindo de fora de mim, n\u00e3o deu certo. E toda vez que atrelei minha felicidade a alguma pessoa, conquista, trabalho, institui\u00e7\u00e3o ou projeto que fazia sentido para outros, me decepcionei&#8230; \u00c9, j\u00e1 dizia a vov\u00f3: &#8230; \u201ccrie porcos, crie galinhas, mas n\u00e3o crie expectativas\u201d&#8230;<\/p>\n<p>&#8211; ..sniff&#8230;<\/p>\n<p>&#8211;\u00a0 Chora, n\u00e3o! S\u00f3 posso dar uma pista do que vem dando certo para mim.<\/p>\n<p>&#8211; O qu\u00ea \u00e9?<\/p>\n<p>&#8211; Silencio da medita\u00e7\u00e3o di\u00e1ria para auto-observa\u00e7\u00e3o e Reforma \u00cdntima!<\/p>\n<p>&#8211; Reforma \u00ednnntimaa!!! B\u00e1hhh, isto j\u00e1 est\u00e1 ultrapassado&#8230;<\/p>\n<p>&#8211; Por qu\u00ea? Voc\u00ea j\u00e1 se reformou?&#8230; Vejo que existe grande preconceito com este termo. Qual a diferen\u00e7a entre os termos: \u201cconscienciologia\u201d, \u201cpercurso evolutivo\u201d, \u201cv\u00f4o da f\u00eanix\u201d, \u201csanto of\u00edcio\u201d, \u201cauto pesquisa\u201d, \u201cauto conhecimento\u201d ou \u201creforma \u00edntima\u201d, se qualquer um deles leva ao mesmo lugar? Todos necessitam de estudo de fora e de dentro de si, exigem disciplina e sil\u00eancio e passam pelas portas do cora\u00e7\u00e3o. Muda o teatro, mas a pe\u00e7a \u00e9 a mesma&#8230; t\u00e1 dentro de cada um&#8230;<\/p>\n<p>&#8211; E medita\u00e7\u00e3o, o que \u00e9?<\/p>\n<p>&#8211; Medita\u00e7\u00e3o \u00e9 a experi\u00eancia constante de cada um, quando fica quieto, em sil\u00eancio e observa seus pensamentos sem interferir. Vai se percebendo em dois: o observador e o observado, o que \u00e9 seu e o que \u00e9 da \u201cmente coletiva\u201d, um treino para a lucidez de seu pr\u00f3prio interior. \u00a0Uma defini\u00e7\u00e3o simples de medita\u00e7\u00e3o que gosto muito, voc\u00ea pode ouvir em: <a href=\"https:\/\/www.youtube.com\/watch?v=F7yGrSUua4U&amp;feature=youtu.be\">https:\/\/www.youtube.com\/watch?v=F7yGrSUua4U&amp;feature=youtu.be<\/a><\/p>\n<p>&#8211; Mas, pra que meditar?<\/p>\n<p>&#8211; Al\u00e9m de manter o foco escutando-se no presente, cada pessoa ir\u00e1 descobrir suas outras raz\u00f5es com a pr\u00f3pria pr\u00e1tica do silencio interior, quando ficar quieta e parar de perguntar tanto e ter tantos di\u00e1logos internos. Cada pessoa descobrir\u00e1 sua raz\u00e3o pr\u00f3pria para reformar-se.<\/p>\n<p>&#8211; HUUUmmm! E reformar o que? Como?<\/p>\n<p>&#8211; Reformar atitudes em si mesmo, escutando os pr\u00f3prios pensamentos e sentimentos.<\/p>\n<p>\u00c0s vezes, o que precisamos \u00e9 s\u00f3 um &#8220;chocolatinho&#8221;\u00a0para poder sobreviver. Voc\u00eas j\u00e1 ouviram a hist\u00f3ria de Francine Christophe em:\u00a0<a href=\"http:\/\/www.youtube.com\/embed\/s5zpv-JyBAk\u00a0?\">http:\/\/www.youtube.com\/embed\/s5zpv-JyBAk\u00a0?<\/a><\/p>\n<p><em>\u201ccada esp\u00edrito \u00e9 um mundo em si com suas leis e caracter\u00edsticas pr\u00f3prias\u201d\u00a0\u00a0\u00a0\u00a0\u00a0\u00a0\u00a0 &#8211;\u00a0\u00a0\u00a0\u00a0\u00a0\u00a0 Andr\u00e9 Luiz<\/em><\/p>\n<p>Cada um \u00e9 uma \u201cMorada do Pai\u201d, um caminho pr\u00f3prio, uma estrela, uma Verdade!&#8230;<\/p>\n","protected":false},"excerpt":{"rendered":"<p>A Esta\u00e7\u00e3o Vaga-Lume pode tornar mais leve a sua viagem na escuta dos sentimentos. <\/p>\n","protected":false},"author":2,"featured_media":0,"comment_status":"open","ping_status":"open","sticky":false,"template":"","format":"standard","meta":{"footnotes":""},"categories":[2],"tags":[48,29],"class_list":["post-1","post","type-post","status-publish","format-standard","hentry","category-comportamento-espiritualidade","tag-comportamento","tag-espiritualidade"],"_links":{"self":[{"href":"http:\/\/wordpressexpress.com.br\/estacaovagalume\/wp-json\/wp\/v2\/posts\/1","targetHints":{"allow":["GET"]}}],"collection":[{"href":"http:\/\/wordpressexpress.com.br\/estacaovagalume\/wp-json\/wp\/v2\/posts"}],"about":[{"href":"http:\/\/wordpressexpress.com.br\/estacaovagalume\/wp-json\/wp\/v2\/types\/post"}],"author":[{"embeddable":true,"href":"http:\/\/wordpressexpress.com.br\/estacaovagalume\/wp-json\/wp\/v2\/users\/2"}],"replies":[{"embeddable":true,"href":"http:\/\/wordpressexpress.com.br\/estacaovagalume\/wp-json\/wp\/v2\/comments?post=1"}],"version-history":[{"count":6,"href":"http:\/\/wordpressexpress.com.br\/estacaovagalume\/wp-json\/wp\/v2\/posts\/1\/revisions"}],"predecessor-version":[{"id":340,"href":"http:\/\/wordpressexpress.com.br\/estacaovagalume\/wp-json\/wp\/v2\/posts\/1\/revisions\/340"}],"wp:attachment":[{"href":"http:\/\/wordpressexpress.com.br\/estacaovagalume\/wp-json\/wp\/v2\/media?parent=1"}],"wp:term":[{"taxonomy":"category","embeddable":true,"href":"http:\/\/wordpressexpress.com.br\/estacaovagalume\/wp-json\/wp\/v2\/categories?post=1"},{"taxonomy":"post_tag","embeddable":true,"href":"http:\/\/wordpressexpress.com.br\/estacaovagalume\/wp-json\/wp\/v2\/tags?post=1"}],"curies":[{"name":"wp","href":"https:\/\/api.w.org\/{rel}","templated":true}]}}