{"id":269,"date":"2018-06-08T18:17:29","date_gmt":"2018-06-08T21:17:29","guid":{"rendered":"http:\/\/wordpressexpress.com.br\/estacaovagalume\/?p=269"},"modified":"2018-06-09T16:07:45","modified_gmt":"2018-06-09T19:07:45","slug":"terapia-floral","status":"publish","type":"post","link":"http:\/\/wordpressexpress.com.br\/estacaovagalume\/2018\/06\/08\/terapia-floral\/","title":{"rendered":"Terapia  Floral"},"content":{"rendered":"<p><img loading=\"lazy\" decoding=\"async\" class=\"alignleft\" src=\"https:\/\/i.pinimg.com\/originals\/32\/01\/c6\/3201c660a99a2032259b1652ab7a3d8f.gif\" alt=\"Rosa branca\" width=\"255\" height=\"238\" \/><\/p>\n<p><em> A terapia floral\u00a0<\/em>\u00a0\u00e9 indicada para harmonizar os dist\u00farbios com causas emocionais e espirituais. Os florais agem de forma mais sutil nos padr\u00f5es energ\u00e9ticos.<\/p>\n<p style=\"text-align: left;\">As flores representam o \u00f3rg\u00e3o reprodutor das plantas e quando filtram os raios solares e entram na corrente sangu\u00ednea das pessoas, levam todo o magnetismo da planta e dos raios solares\u00a0 ao sistema nervoso,\u00a0 atingindo o sistema de distribui\u00e7\u00e3o energ\u00e9tica do corpo, pelos chacras e meridianos de energia. Sua a\u00e7\u00e3o \u00e9 magn\u00e9tica, no duplo et\u00e9rico, acessando camadas mais profundas da alma.<\/p>\n<p>Atualmente existem in\u00fameros sistemas florais, mas o fundador desta terapia foi Edward Bach. Saiba como a hist\u00f3ria da <em>Terapia Floral<\/em> iniciou, clicando em:<\/p>\n<p style=\"text-align: right;\"><a href=\"https:\/\/www.youtube.com\/watch?v=GkACS5WJ12o&amp;t=14s\" target=\"_blank\" rel=\"noopener\"><em>A Hist\u00f3ria dos Florais de Bach &#8211; Filme: Os Florais de Luz para o <\/em><\/a><a href=\"https:\/\/www.youtube.com\/watch?v=GkACS5WJ12o&amp;t=14s\"><em>Futuro<\/em><\/a><\/p>\n<p>&nbsp;<\/p>\n","protected":false},"excerpt":{"rendered":"<p>Conhe\u00e7a a hist\u00f3ria dos Florais de Luz.<\/p>\n","protected":false},"author":2,"featured_media":0,"comment_status":"open","ping_status":"open","sticky":false,"template":"","format":"standard","meta":{"footnotes":""},"categories":[21,7],"tags":[37,38],"class_list":["post-269","post","type-post","status-publish","format-standard","hentry","category-florais","category-iad-medicina-da-alma","tag-iad-instituto-alivio-da-dor-medicina-da-alma-praticas-integrativas-cura-das-emocoes","tag-terapia-floral-florais"],"_links":{"self":[{"href":"http:\/\/wordpressexpress.com.br\/estacaovagalume\/wp-json\/wp\/v2\/posts\/269","targetHints":{"allow":["GET"]}}],"collection":[{"href":"http:\/\/wordpressexpress.com.br\/estacaovagalume\/wp-json\/wp\/v2\/posts"}],"about":[{"href":"http:\/\/wordpressexpress.com.br\/estacaovagalume\/wp-json\/wp\/v2\/types\/post"}],"author":[{"embeddable":true,"href":"http:\/\/wordpressexpress.com.br\/estacaovagalume\/wp-json\/wp\/v2\/users\/2"}],"replies":[{"embeddable":true,"href":"http:\/\/wordpressexpress.com.br\/estacaovagalume\/wp-json\/wp\/v2\/comments?post=269"}],"version-history":[{"count":5,"href":"http:\/\/wordpressexpress.com.br\/estacaovagalume\/wp-json\/wp\/v2\/posts\/269\/revisions"}],"predecessor-version":[{"id":295,"href":"http:\/\/wordpressexpress.com.br\/estacaovagalume\/wp-json\/wp\/v2\/posts\/269\/revisions\/295"}],"wp:attachment":[{"href":"http:\/\/wordpressexpress.com.br\/estacaovagalume\/wp-json\/wp\/v2\/media?parent=269"}],"wp:term":[{"taxonomy":"category","embeddable":true,"href":"http:\/\/wordpressexpress.com.br\/estacaovagalume\/wp-json\/wp\/v2\/categories?post=269"},{"taxonomy":"post_tag","embeddable":true,"href":"http:\/\/wordpressexpress.com.br\/estacaovagalume\/wp-json\/wp\/v2\/tags?post=269"}],"curies":[{"name":"wp","href":"https:\/\/api.w.org\/{rel}","templated":true}]}}