{"id":312,"date":"2018-06-24T21:52:23","date_gmt":"2018-06-25T00:52:23","guid":{"rendered":"http:\/\/wordpressexpress.com.br\/estacaovagalume\/?p=312"},"modified":"2018-06-27T01:25:21","modified_gmt":"2018-06-27T04:25:21","slug":"renascimento","status":"publish","type":"post","link":"http:\/\/wordpressexpress.com.br\/estacaovagalume\/2018\/06\/24\/renascimento\/","title":{"rendered":"Renascimento"},"content":{"rendered":"<p>A Terapia do Renascimento torn<a href=\"http:\/\/wordpressexpress.com.br\/estacaovagalume\/2018\/06\/24\/renascimento\/renascimento-3\/\" rel=\"attachment wp-att-313\"><img loading=\"lazy\" decoding=\"async\" class=\"alignleft wp-image-313\" src=\"http:\/\/wordpressexpress.com.br\/estacaovagalume\/wp-content\/uploads\/2018\/06\/Renascimento-3-150x150.jpg\" alt=\"\" width=\"272\" height=\"272\" \/><\/a>ou-se difundida no ocidente, ap\u00f3s a experi\u00eancia m\u00edstica do terapeuta americano Leonard Orr, na d\u00e9cada de 70. Ele estava em uma banheira, praticando exerc\u00edcios respirat\u00f3rios e lembrou-se de cenas de seu nascimento, curando-se de traumas. Repetindo a experi\u00eancia observou que outras lembran\u00e7as da inf\u00e2ncia tornaram-se conscientes. A \u00e1gua pode ter facilitado a lembran\u00e7a das sensa\u00e7\u00f5es do \u00fatero da m\u00e3e, assim como o ritmo cadenciado da respira\u00e7\u00e3o infantil.<\/p>\n<p>Nascia assim o Rebirthing (renascimento) no Ocidente. Mas, a pr\u00e1tica respirat\u00f3ria \u201ccircular\u201d como fonte de vida, adv\u00e9m de milhares de anos dos \u201cpranayamas\u201d ensinados no Yoga-Sutras (sec.IIIaC) na antiga India.<\/p>\n<p>Na mesma \u00e9poca, por volta dos anos 70-90, o guru Osho a difundiu na \u00cdndia e nos EUA, como pr\u00e1tica para o \u201cdespertar a consci\u00eancia\u201d. Ele dizia que a inspira\u00e7\u00e3o e a expira\u00e7\u00e3o s\u00e3o a nossa capacidade de dar e receber; de nossa renova\u00e7\u00e3o de prop\u00f3sitos; de trocas com o mundo e de nos interiorizar; e de nos relacionar com o mundo externo e com o Divino Interno.<\/p>\n<p>Pesquisando mais sobre \u201cestados alterados de consci\u00eancia\u201d e \u201crevitaliza\u00e7\u00e3o energ\u00e9tica\u201d pelos pranayamas, fui levada a ampliar meus conceitos com Swami Omkarananda, no Parmath Niketan Ashan, em Rishikesh \u2013 \u00cdndia. Observei que a \u201crespira\u00e7\u00e3o ritmada\u201d provoca um relaxamento profundo, limpeza da agita\u00e7\u00e3o do campo mental-emocional pela super-oxigena\u00e7\u00e3o, o que possibilita acesso as lembran\u00e7as dos tempos em que se respirava do mesmo modo: livre e natural das crian\u00e7as. Dai o surgimento do nome da t\u00e9cnica: \u201cre-nascimento\u201d.<\/p>\n<p>O imprint da mem\u00f3ria celular pode ser apagado ao emergir \u00e0 consci\u00eancia, semelhante a um processo de catarse. Com a vantagem, de n\u00e3o necessitar da indu\u00e7\u00e3o do terapeuta ou da verbaliza\u00e7\u00e3o do praticante. Tudo se passa harmoniosamente no mundo interno, e a verbaliza\u00e7\u00e3o \u00e9 opcional.<\/p>\n<p>Com a pr\u00e1tica do \u201cPranayama Circular\u201d ou \u201cRenascimento\u201d, podemos fazer com que a mente se torne nossa amiga e os resultados ser\u00e3o sempre gratificantes. E obtendo um estado de relaxamento profundo e vigorosa movimenta\u00e7\u00e3o\u00a0 energ\u00e9tica,\u00a0 alcan\u00e7amos a proje\u00e7\u00e3o da consci\u00eancia.<\/p>\n<p><em>Senhor Krishna diz a Arjuna:<\/em><\/p>\n<p><em>\u00a0\u201cPara aquele que conquistou sua mente, ela ser\u00e1 a melhor das amigas; mas para aquele que fracassou nessa busca, sua mente continuar\u00e1 sendo seu maior inimigo.<\/em><\/p>\n<p>[Bhagavad Gita, cap. 6- 6]<\/p>\n","protected":false},"excerpt":{"rendered":"<p>Informe-se sobre as datas de novos grupos e venha respirar junto a natureza. <\/p>\n","protected":false},"author":2,"featured_media":0,"comment_status":"open","ping_status":"open","sticky":false,"template":"","format":"standard","meta":{"footnotes":""},"categories":[20],"tags":[47],"class_list":["post-312","post","type-post","status-publish","format-standard","hentry","category-renascimento","tag-renascimento-projecao-astral-pranayama"],"_links":{"self":[{"href":"http:\/\/wordpressexpress.com.br\/estacaovagalume\/wp-json\/wp\/v2\/posts\/312","targetHints":{"allow":["GET"]}}],"collection":[{"href":"http:\/\/wordpressexpress.com.br\/estacaovagalume\/wp-json\/wp\/v2\/posts"}],"about":[{"href":"http:\/\/wordpressexpress.com.br\/estacaovagalume\/wp-json\/wp\/v2\/types\/post"}],"author":[{"embeddable":true,"href":"http:\/\/wordpressexpress.com.br\/estacaovagalume\/wp-json\/wp\/v2\/users\/2"}],"replies":[{"embeddable":true,"href":"http:\/\/wordpressexpress.com.br\/estacaovagalume\/wp-json\/wp\/v2\/comments?post=312"}],"version-history":[{"count":5,"href":"http:\/\/wordpressexpress.com.br\/estacaovagalume\/wp-json\/wp\/v2\/posts\/312\/revisions"}],"predecessor-version":[{"id":318,"href":"http:\/\/wordpressexpress.com.br\/estacaovagalume\/wp-json\/wp\/v2\/posts\/312\/revisions\/318"}],"wp:attachment":[{"href":"http:\/\/wordpressexpress.com.br\/estacaovagalume\/wp-json\/wp\/v2\/media?parent=312"}],"wp:term":[{"taxonomy":"category","embeddable":true,"href":"http:\/\/wordpressexpress.com.br\/estacaovagalume\/wp-json\/wp\/v2\/categories?post=312"},{"taxonomy":"post_tag","embeddable":true,"href":"http:\/\/wordpressexpress.com.br\/estacaovagalume\/wp-json\/wp\/v2\/tags?post=312"}],"curies":[{"name":"wp","href":"https:\/\/api.w.org\/{rel}","templated":true}]}}