{"id":2,"name":"Alba","url":"","description":"Paulista, professora titular da sala de recursos do Estado de SP,\r\npsico-neuro- pedagoga (PUC-SP), especializada no atendimento de crian\u00e7as com defici\u00eancia\r\nintelectual e visual.\r\n\r\nPesquisadora apaixonada por pr\u00e1ticas integrativas de cura\r\ne harmoniza\u00e7\u00e3o bio-ps\u00edquica- energ\u00e9tica do ser, iniciei minhas\r\npesquisas sobre praticas espirituais aos 14 anos...<a href=\"http:\/\/wordpressexpress.com.br\/estacaovagalume\/sobre\/\">continue lendo<\/a>","link":"http:\/\/wordpressexpress.com.br\/estacaovagalume\/author\/alba\/","slug":"alba","avatar_urls":{"24":"http:\/\/wordpressexpress.com.br\/estacaovagalume\/wp-content\/uploads\/2018\/03\/Alba_202x202-150x150.png","48":"http:\/\/wordpressexpress.com.br\/estacaovagalume\/wp-content\/uploads\/2018\/03\/Alba_202x202-150x150.png","96":"http:\/\/wordpressexpress.com.br\/estacaovagalume\/wp-content\/uploads\/2018\/03\/Alba_202x202-150x150.png"},"meta":[],"_links":{"self":[{"href":"http:\/\/wordpressexpress.com.br\/estacaovagalume\/wp-json\/wp\/v2\/users\/2","targetHints":{"allow":["GET"]}}],"collection":[{"href":"http:\/\/wordpressexpress.com.br\/estacaovagalume\/wp-json\/wp\/v2\/users"}]}}